{"id":7882,"date":"2020-12-03T11:39:23","date_gmt":"2020-12-03T11:39:23","guid":{"rendered":"http:\/\/www.priusabogados.es\/?p=7882"},"modified":"2020-12-03T11:39:23","modified_gmt":"2020-12-03T11:39:23","slug":"nyt-on-oikea-aika-lahjoittaa","status":"publish","type":"post","link":"https:\/\/www.priusabogados.es\/fi\/nyt-on-oikea-aika-lahjoittaa\/","title":{"rendered":"Nyt on oikea aika lahjoittaa!"},"content":{"rendered":"<p>Vuodesta 2018 l\u00e4htien Andalusia samaistui muihin Espanjan itsehallintoalueisiin perint\u00f6- ja lahjaveroituksen osalta. Uusi Andalusian maakuntahallitus pudotti n\u00e4it\u00e4 veroja 99%, silloin kun kyseess\u00e4 on suorassa linjassa olevat sukulaiset, eli isovanhemmilta lapsenlapsille, vanhemmilta lapsille tai aviopuolisoiden kesken. Perinn\u00f6t ja lahjoitukset sisarusten tai muiden sukulaisten \u00a0v\u00e4lill\u00e4 eiv\u00e4t kuulu t\u00e4h\u00e4n kategoriaan.<\/p>\n<p>T\u00e4m\u00e4 verouudistus kehyst\u00e4\u00e4 kansallisen liberaalipuolueen ja konservatiivien ideologiaa, jotka hallitsevat Espanjan alueilla parhaillaan, vaikkakin Espanjan hallitukselle kuuluu mahdollisuus yhdenmukaistaa tai nykyhallituksen ollessa kyseess\u00e4 rajoittaa t\u00e4t\u00e4 maksimiveronpudotusta koskien perint\u00f6- ja lahjaveroja.<\/p>\n<p>Espanjan nykyinen hallitus on vuodesta 2019 aloittanut keskusteluja suurempien verojen keruun tarpeesta, (johon viel\u00e4 enemm\u00e4n on vaikuttanut t\u00e4m\u00e4 Coronavirus) ja on my\u00f6s ottanut esille mahdollisuuden rajoittaa\u00a0 verohelpotuksiia alueillaan.<\/p>\n<p>PRIUS ABOGADOS`ista annamme neuvojamme, olette sitten residenttej\u00e4 tai ei residenttej\u00e4 Espanjassa, teid\u00e4n mahdollisuuksista tehd\u00e4 lahjoitus jo el\u00e4m\u00e4nne aikana sen sijaan, ett\u00e4 omaisuus siirtyisi aikanaan perint\u00f6n\u00e4. P\u00e4\u00e4asiallisin syy t\u00e4h\u00e4n onkin juuri, olla askeleen edell\u00e4, jos tuohon lahjaverouudistukseen tulee muutoksia, mutta my\u00f6s siksi, ett\u00e4 voi j\u00e4rjestell\u00e4 omat omaisuusasiat kuntoon viel\u00e4 elossa ollessaan.<\/p>\n<p>T\u00e4m\u00e4 j\u00e4rjestely helpottaisi my\u00f6s tulevia perillisi\u00e4, jotta aikanaan tuleva perunkirjoitus ei k\u00e4visi niin raskaaksi, koska sit\u00e4 varten on hankittava paljon dokumentteja sek\u00e4 virallisia k\u00e4\u00e4nn\u00f6ksi\u00e4. Espanjalainen perunkirjoitus on hidas ja kallis prosessi.<\/p>\n<p>T\u00e4m\u00e4 lahjoitusprosessi voitaisiin my\u00f6s hoitaa niin, ett\u00e4 lahjoittajat varaavat itselleen elinik\u00e4isen hallinta- ja k\u00e4ytt\u00f6oikeuden kiinteist\u00f6\u00f6n\/kiinteist\u00f6ihin, jolloin se olisi heid\u00e4n omassa k\u00e4yt\u00f6ss\u00e4\u00e4n koko el\u00e4m\u00e4ns\u00e4 ajan, t\u00e4m\u00e4 onkin yleisin tapa lahjoituksissa, joita teemme.<\/p>\n<p>Lahjoituksia voi tehd\u00e4 my\u00f6s autohallipaikan tai esim. varaston osalta, tai lahjoittaa puhdasta rahaa, vaikkapa asunnon ostoa varten.<\/p>\n<p>Jos teid\u00e4n mielenkiintonne her\u00e4si asian suhteen, perehdymme teid\u00e4n henkil\u00f6kohtaiseen tilanteeseenne, sek\u00e4 suunnittelemme verotuspuolen henkil\u00f6kohtaisesti.\u00a0 Valmistamme my\u00f6s ilman kuluja kustannusarvion koko lahjoitusprosessista, johon sis\u00e4ltyy lahjakirjan valmistelu ja allekirjoitus notariaatissa, tarpeellisten dokumenttien hankkiminen, lahjaverojen laskelmat, verokaavakkaiden t\u00e4ytt\u00e4minen ja esitt\u00e4minen sek\u00e4 omaisuuden rekister\u00f6inti lahjan saajan nimiin (lapset, lapsenlapset tai puoliso).<\/p>\n<p>Kustannusarviota varten tarvitsemme ainoastaan viimeisimm\u00e4n kunnallisverolapun (IBI), asunnon ostokauppakirja sek\u00e4 kaikkien osallisten syntym\u00e4ajat.<\/p>\n<p>Nyt olisi hyv\u00e4 aika k\u00e4ytt\u00e4\u00e4 hyv\u00e4kseen t\u00e4t\u00e4 mahdollisuutta, ennekuin asiaan saattaa tulla veromuutoksia ja rajoituksia n\u00e4ihin verohelpotuksiin, asiakkaistamme jo monet ovat tehneet t\u00e4n\u00e4 vuonna lahjoituksen lapsilleen.<\/p>\n<p>PRIUS ABOGADOS<\/p>\n","protected":false},"excerpt":{"rendered":"<p>Vuodesta 2018 l\u00e4htien Andalusia samaistui muihin Espanjan itsehallintoalueisiin perint\u00f6- ja lahjaveroituksen osalta. Uusi Andalusian maakuntahallitus pudotti n\u00e4it\u00e4 veroja 99%, silloin kun kyseess\u00e4 on suorassa linjassa olevat sukulaiset, eli isovanhemmilta lapsenlapsille, vanhemmilta lapsille tai aviopuolisoiden kesken. Perinn\u00f6t ja lahjoitukset sisarusten tai muiden sukulaisten \u00a0v\u00e4lill\u00e4 eiv\u00e4t kuulu t\u00e4h\u00e4n kategoriaan. T\u00e4m\u00e4 verouudistus kehyst\u00e4\u00e4 kansallisen liberaalipuolueen ja konservatiivien ideologiaa,&#8230;<\/p>\n","protected":false},"author":2,"featured_media":7879,"comment_status":"open","ping_status":"open","sticky":false,"template":"","format":"standard","meta":{"footnotes":""},"categories":[16],"tags":[],"acf":[],"yoast_head":"<!-- This site is optimized with the Yoast SEO plugin v21.2 - https:\/\/yoast.com\/wordpress\/plugins\/seo\/ -->\n<title>Nyt on oikea aika lahjoittaa! - Prius Abogados<\/title>\n<meta name=\"robots\" content=\"index, follow, max-snippet:-1, max-image-preview:large, max-video-preview:-1\" \/>\n<link rel=\"canonical\" href=\"https:\/\/www.priusabogados.es\/fi\/nyt-on-oikea-aika-lahjoittaa\/\" \/>\n<meta property=\"og:locale\" content=\"fi_FI\" \/>\n<meta property=\"og:type\" content=\"article\" \/>\n<meta property=\"og:title\" content=\"Nyt on oikea aika lahjoittaa! - Prius Abogados\" \/>\n<meta property=\"og:description\" content=\"Vuodesta 2018 l\u00e4htien Andalusia samaistui muihin Espanjan itsehallintoalueisiin perint\u00f6- ja lahjaveroituksen osalta. Uusi Andalusian maakuntahallitus pudotti n\u00e4it\u00e4 veroja 99%, silloin kun kyseess\u00e4 on suorassa linjassa olevat sukulaiset, eli isovanhemmilta lapsenlapsille, vanhemmilta lapsille tai aviopuolisoiden kesken. Perinn\u00f6t ja lahjoitukset sisarusten tai muiden sukulaisten \u00a0v\u00e4lill\u00e4 eiv\u00e4t kuulu t\u00e4h\u00e4n kategoriaan. T\u00e4m\u00e4 verouudistus kehyst\u00e4\u00e4 kansallisen liberaalipuolueen ja konservatiivien ideologiaa,...\" \/>\n<meta property=\"og:url\" content=\"https:\/\/www.priusabogados.es\/fi\/nyt-on-oikea-aika-lahjoittaa\/\" \/>\n<meta property=\"og:site_name\" content=\"Prius Abogados\" \/>\n<meta property=\"article:publisher\" content=\"https:\/\/www.facebook.com\/profile.php?id=100057518436323\" \/>\n<meta property=\"article:published_time\" content=\"2020-12-03T11:39:23+00:00\" \/>\n<meta property=\"og:image\" content=\"https:\/\/www.priusabogados.es\/wp-content\/uploads\/2020\/12\/money-652560_1280.jpg\" \/>\n\t<meta property=\"og:image:width\" content=\"1280\" \/>\n\t<meta property=\"og:image:height\" content=\"1067\" \/>\n\t<meta property=\"og:image:type\" content=\"image\/jpeg\" \/>\n<meta name=\"author\" content=\"Editor\" \/>\n<meta name=\"twitter:card\" content=\"summary_large_image\" \/>\n<meta name=\"twitter:label1\" content=\"Kirjoittanut\" \/>\n\t<meta name=\"twitter:data1\" content=\"Editor\" \/>\n\t<meta name=\"twitter:label2\" content=\"Arvioitu lukuaika\" \/>\n\t<meta name=\"twitter:data2\" content=\"2 minuuttia\" \/>\n<script type=\"application\/ld+json\" class=\"yoast-schema-graph\">{\"@context\":\"https:\/\/schema.org\",\"@graph\":[{\"@type\":\"WebPage\",\"@id\":\"https:\/\/www.priusabogados.es\/fi\/nyt-on-oikea-aika-lahjoittaa\/\",\"url\":\"https:\/\/www.priusabogados.es\/fi\/nyt-on-oikea-aika-lahjoittaa\/\",\"name\":\"Nyt on oikea aika lahjoittaa! - Prius Abogados\",\"isPartOf\":{\"@id\":\"https:\/\/www.priusabogados.es\/#website\"},\"datePublished\":\"2020-12-03T11:39:23+00:00\",\"dateModified\":\"2020-12-03T11:39:23+00:00\",\"author\":{\"@id\":\"https:\/\/www.priusabogados.es\/#\/schema\/person\/8a58267bbfe274d6d11e8a616c6a5211\"},\"breadcrumb\":{\"@id\":\"https:\/\/www.priusabogados.es\/fi\/nyt-on-oikea-aika-lahjoittaa\/#breadcrumb\"},\"inLanguage\":\"fi\",\"potentialAction\":[{\"@type\":\"ReadAction\",\"target\":[\"https:\/\/www.priusabogados.es\/fi\/nyt-on-oikea-aika-lahjoittaa\/\"]}]},{\"@type\":\"BreadcrumbList\",\"@id\":\"https:\/\/www.priusabogados.es\/fi\/nyt-on-oikea-aika-lahjoittaa\/#breadcrumb\",\"itemListElement\":[{\"@type\":\"ListItem\",\"position\":1,\"name\":\"Portada\",\"item\":\"https:\/\/www.priusabogados.es\/\"},{\"@type\":\"ListItem\",\"position\":2,\"name\":\"Nyt on oikea aika lahjoittaa!\"}]},{\"@type\":\"WebSite\",\"@id\":\"https:\/\/www.priusabogados.es\/#website\",\"url\":\"https:\/\/www.priusabogados.es\/\",\"name\":\"Prius Abogados\",\"description\":\"Abogados Fuengirola\",\"potentialAction\":[{\"@type\":\"SearchAction\",\"target\":{\"@type\":\"EntryPoint\",\"urlTemplate\":\"https:\/\/www.priusabogados.es\/?s={search_term_string}\"},\"query-input\":\"required name=search_term_string\"}],\"inLanguage\":\"fi\"},{\"@type\":\"Person\",\"@id\":\"https:\/\/www.priusabogados.es\/#\/schema\/person\/8a58267bbfe274d6d11e8a616c6a5211\",\"name\":\"Editor\",\"image\":{\"@type\":\"ImageObject\",\"inLanguage\":\"fi\",\"@id\":\"https:\/\/www.priusabogados.es\/#\/schema\/person\/image\/\",\"url\":\"https:\/\/secure.gravatar.com\/avatar\/e62a4106320b6fed6c34b96785be3463?s=96&d=mm&r=g\",\"contentUrl\":\"https:\/\/secure.gravatar.com\/avatar\/e62a4106320b6fed6c34b96785be3463?s=96&d=mm&r=g\",\"caption\":\"Editor\"},\"sameAs\":[\"https:\/\/www.priusabogados.es\/\"],\"url\":\"https:\/\/www.priusabogados.es\/fi\/author\/editor\/\"}]}<\/script>\n<!-- \/ Yoast SEO plugin. -->","yoast_head_json":{"title":"Nyt on oikea aika lahjoittaa! - Prius Abogados","robots":{"index":"index","follow":"follow","max-snippet":"max-snippet:-1","max-image-preview":"max-image-preview:large","max-video-preview":"max-video-preview:-1"},"canonical":"https:\/\/www.priusabogados.es\/fi\/nyt-on-oikea-aika-lahjoittaa\/","og_locale":"fi_FI","og_type":"article","og_title":"Nyt on oikea aika lahjoittaa! - Prius Abogados","og_description":"Vuodesta 2018 l\u00e4htien Andalusia samaistui muihin Espanjan itsehallintoalueisiin perint\u00f6- ja lahjaveroituksen osalta. Uusi Andalusian maakuntahallitus pudotti n\u00e4it\u00e4 veroja 99%, silloin kun kyseess\u00e4 on suorassa linjassa olevat sukulaiset, eli isovanhemmilta lapsenlapsille, vanhemmilta lapsille tai aviopuolisoiden kesken. Perinn\u00f6t ja lahjoitukset sisarusten tai muiden sukulaisten \u00a0v\u00e4lill\u00e4 eiv\u00e4t kuulu t\u00e4h\u00e4n kategoriaan. T\u00e4m\u00e4 verouudistus kehyst\u00e4\u00e4 kansallisen liberaalipuolueen ja konservatiivien ideologiaa,...","og_url":"https:\/\/www.priusabogados.es\/fi\/nyt-on-oikea-aika-lahjoittaa\/","og_site_name":"Prius Abogados","article_publisher":"https:\/\/www.facebook.com\/profile.php?id=100057518436323","article_published_time":"2020-12-03T11:39:23+00:00","og_image":[{"width":1280,"height":1067,"url":"https:\/\/www.priusabogados.es\/wp-content\/uploads\/2020\/12\/money-652560_1280.jpg","type":"image\/jpeg"}],"author":"Editor","twitter_card":"summary_large_image","twitter_misc":{"Kirjoittanut":"Editor","Arvioitu lukuaika":"2 minuuttia"},"schema":{"@context":"https:\/\/schema.org","@graph":[{"@type":"WebPage","@id":"https:\/\/www.priusabogados.es\/fi\/nyt-on-oikea-aika-lahjoittaa\/","url":"https:\/\/www.priusabogados.es\/fi\/nyt-on-oikea-aika-lahjoittaa\/","name":"Nyt on oikea aika lahjoittaa! - Prius Abogados","isPartOf":{"@id":"https:\/\/www.priusabogados.es\/#website"},"datePublished":"2020-12-03T11:39:23+00:00","dateModified":"2020-12-03T11:39:23+00:00","author":{"@id":"https:\/\/www.priusabogados.es\/#\/schema\/person\/8a58267bbfe274d6d11e8a616c6a5211"},"breadcrumb":{"@id":"https:\/\/www.priusabogados.es\/fi\/nyt-on-oikea-aika-lahjoittaa\/#breadcrumb"},"inLanguage":"fi","potentialAction":[{"@type":"ReadAction","target":["https:\/\/www.priusabogados.es\/fi\/nyt-on-oikea-aika-lahjoittaa\/"]}]},{"@type":"BreadcrumbList","@id":"https:\/\/www.priusabogados.es\/fi\/nyt-on-oikea-aika-lahjoittaa\/#breadcrumb","itemListElement":[{"@type":"ListItem","position":1,"name":"Portada","item":"https:\/\/www.priusabogados.es\/"},{"@type":"ListItem","position":2,"name":"Nyt on oikea aika lahjoittaa!"}]},{"@type":"WebSite","@id":"https:\/\/www.priusabogados.es\/#website","url":"https:\/\/www.priusabogados.es\/","name":"Prius Abogados","description":"Abogados Fuengirola","potentialAction":[{"@type":"SearchAction","target":{"@type":"EntryPoint","urlTemplate":"https:\/\/www.priusabogados.es\/?s={search_term_string}"},"query-input":"required name=search_term_string"}],"inLanguage":"fi"},{"@type":"Person","@id":"https:\/\/www.priusabogados.es\/#\/schema\/person\/8a58267bbfe274d6d11e8a616c6a5211","name":"Editor","image":{"@type":"ImageObject","inLanguage":"fi","@id":"https:\/\/www.priusabogados.es\/#\/schema\/person\/image\/","url":"https:\/\/secure.gravatar.com\/avatar\/e62a4106320b6fed6c34b96785be3463?s=96&d=mm&r=g","contentUrl":"https:\/\/secure.gravatar.com\/avatar\/e62a4106320b6fed6c34b96785be3463?s=96&d=mm&r=g","caption":"Editor"},"sameAs":["https:\/\/www.priusabogados.es\/"],"url":"https:\/\/www.priusabogados.es\/fi\/author\/editor\/"}]}},"_links":{"self":[{"href":"https:\/\/www.priusabogados.es\/fi\/wp-json\/wp\/v2\/posts\/7882"}],"collection":[{"href":"https:\/\/www.priusabogados.es\/fi\/wp-json\/wp\/v2\/posts"}],"about":[{"href":"https:\/\/www.priusabogados.es\/fi\/wp-json\/wp\/v2\/types\/post"}],"author":[{"embeddable":true,"href":"https:\/\/www.priusabogados.es\/fi\/wp-json\/wp\/v2\/users\/2"}],"replies":[{"embeddable":true,"href":"https:\/\/www.priusabogados.es\/fi\/wp-json\/wp\/v2\/comments?post=7882"}],"version-history":[{"count":0,"href":"https:\/\/www.priusabogados.es\/fi\/wp-json\/wp\/v2\/posts\/7882\/revisions"}],"wp:featuredmedia":[{"embeddable":true,"href":"https:\/\/www.priusabogados.es\/fi\/wp-json\/wp\/v2\/media\/7879"}],"wp:attachment":[{"href":"https:\/\/www.priusabogados.es\/fi\/wp-json\/wp\/v2\/media?parent=7882"}],"wp:term":[{"taxonomy":"category","embeddable":true,"href":"https:\/\/www.priusabogados.es\/fi\/wp-json\/wp\/v2\/categories?post=7882"},{"taxonomy":"post_tag","embeddable":true,"href":"https:\/\/www.priusabogados.es\/fi\/wp-json\/wp\/v2\/tags?post=7882"}],"curies":[{"name":"wp","href":"https:\/\/api.w.org\/{rel}","templated":true}]}}